{"id":1001,"date":"2012-10-21T10:32:21","date_gmt":"2012-10-21T09:32:21","guid":{"rendered":"http:\/\/www.conpermisodelareina.com\/?p=1001"},"modified":"2012-10-21T10:32:21","modified_gmt":"2012-10-21T09:32:21","slug":"el-gran-gianni","status":"publish","type":"post","link":"http:\/\/www.conpermisodelareina.com\/?p=1001","title":{"rendered":"El gran Gianni"},"content":{"rendered":"<p><span style=\"font-family: 'PrimaSans BT,Verdana,sans-serif';\">(por <em>Nacho Rey<\/em>) <\/span><\/p>\n<p><span style=\"font-family: 'PrimaSans BT,Verdana,sans-serif';\">Hace una semana se march\u00f3 Gianni. Los m\u00e9dicos dicen que para siempre. <\/span><span style=\"font-family: 'PrimaSans BT,Verdana,sans-serif';\">Para los que tuvimos la gran suerte de haber compartido su genial sentido del humor y manera de estar en la vida esa noticia nos deja muy mal, m\u00e1s solos. Van pasando los a\u00f1os y algunos de ellos tienen la mala leche de llevarse a alguno de nuestros queridos, siempre antes de tiempo. Imagino que llevaba tiempo fastidiado, oli\u00e9ndose la tostada y sin ganas de comerla, tirando &#8220;palante&#8221; con sus <em>cartoons<\/em>, esos que nunca le fallaban y le obedec\u00edan como marionetas al bueno de Gepetto.<\/span><\/p>\n<p style=\"text-align: left;\"><span style=\"font-family: 'PrimaSans BT,Verdana,sans-serif';\"><a href=\"http:\/\/www.conpermisodelareina.com\/wp-content\/uploads\/2012\/10\/gianni_5.jpg\"><img decoding=\"async\" loading=\"lazy\" class=\"aligncenter  wp-image-1013\" title=\"gianni_5\" src=\"http:\/\/www.conpermisodelareina.com\/wp-content\/uploads\/2012\/10\/gianni_5.jpg\" alt=\"\" width=\"395\" height=\"489\" \/><\/a><br \/>\nEstamos muy tristes porque Gianni era un ni\u00f1o grande y los ni\u00f1os al morirse dejan una tristeza infinita detr\u00e1s. Y no deber\u00edan morirse nunca. Al menos hasta que hubieran crecido.<br \/>\nSeguramente Gianni no estar\u00eda de acuerdo y lo hubiese preferido as\u00ed. Marcharse siendo un cr\u00edo, sin envejecer, acompa\u00f1ado de muchos de sus mu\u00f1ecos. Otros, los mejores, nos los deja aqu\u00ed. Para que juguemos con ellos. Para siempre.<\/span><\/p>\n","protected":false},"excerpt":{"rendered":"<p>(por Nacho Rey) Hace una semana se march\u00f3 Gianni. Los m\u00e9dicos dicen que para siempre. Para los que tuvimos la gran suerte de haber compartido su genial sentido del humor y manera de estar en la vida esa noticia nos deja muy mal, m\u00e1s solos. Van pasando los a\u00f1os y algunos de ellos tienen la [&hellip;]<\/p>\n","protected":false},"author":1,"featured_media":0,"comment_status":"open","ping_status":"open","sticky":false,"template":"","format":"standard","meta":[],"categories":[6,5,2,3,4],"tags":[],"_links":{"self":[{"href":"http:\/\/www.conpermisodelareina.com\/index.php?rest_route=\/wp\/v2\/posts\/1001"}],"collection":[{"href":"http:\/\/www.conpermisodelareina.com\/index.php?rest_route=\/wp\/v2\/posts"}],"about":[{"href":"http:\/\/www.conpermisodelareina.com\/index.php?rest_route=\/wp\/v2\/types\/post"}],"author":[{"embeddable":true,"href":"http:\/\/www.conpermisodelareina.com\/index.php?rest_route=\/wp\/v2\/users\/1"}],"replies":[{"embeddable":true,"href":"http:\/\/www.conpermisodelareina.com\/index.php?rest_route=%2Fwp%2Fv2%2Fcomments&post=1001"}],"version-history":[{"count":0,"href":"http:\/\/www.conpermisodelareina.com\/index.php?rest_route=\/wp\/v2\/posts\/1001\/revisions"}],"wp:attachment":[{"href":"http:\/\/www.conpermisodelareina.com\/index.php?rest_route=%2Fwp%2Fv2%2Fmedia&parent=1001"}],"wp:term":[{"taxonomy":"category","embeddable":true,"href":"http:\/\/www.conpermisodelareina.com\/index.php?rest_route=%2Fwp%2Fv2%2Fcategories&post=1001"},{"taxonomy":"post_tag","embeddable":true,"href":"http:\/\/www.conpermisodelareina.com\/index.php?rest_route=%2Fwp%2Fv2%2Ftags&post=1001"}],"curies":[{"name":"wp","href":"https:\/\/api.w.org\/{rel}","templated":true}]}}